{"id":3121,"date":"2023-12-31T15:10:45","date_gmt":"2023-12-31T15:10:45","guid":{"rendered":"https:\/\/quibus.es\/?p=3121"},"modified":"2023-12-31T15:21:39","modified_gmt":"2023-12-31T15:21:39","slug":"com-tafecta-la-prorroga-dels-ppgg","status":"publish","type":"post","link":"https:\/\/quibus.es\/ca\/com-tafecta-la-prorroga-dels-ppgg\/","title":{"rendered":"Com t&#8217;afecta la pr\u00f2rroga dels PPGG"},"content":{"rendered":"<h2 class=\"wp-block-heading\">Pr\u00f2rroga dels pressupostos generals de l&#8217;Estat<\/h2><p>El Govern d&#8217;Espanya reconeix que la dissoluci\u00f3 del Congr\u00e9s dels Diputats i la convocat\u00f2ria d&#8217;eleccions generals el 23 de juliol han estat el motiu que ha impedit aprovar en temps la Llei de Pressupostos Generals de l&#8217;Estat per a l&#8217;any 2024. En conseq\u00fc\u00e8ncia i d&#8217;acord amb la Constituci\u00f3, es consideren prorrogats els pressupostos de l&#8217;any anterior fins a l&#8217;aprovaci\u00f3 dels nous.<\/p><p>Amb l&#8217;objectiu de gestionar les necessitats pressupost\u00e0ries i financera urgents el Govern ha procedit a emetre el Reial decret llei 8\/2023, de 27 de desembre, les mesures del qual enllacen amb les mesures adoptades per afrontar les conseq\u00fc\u00e8ncies econ\u00f2miques i socials derivades dels conflictes en Ucra\u00efna de l&#8217;any 2022 i ara tamb\u00e9 el conflicte a Orient proper, aix\u00ed com per pal\u00b7liar els efectes de la sequera.<\/p><p>Aquest Reial decret llei \u00e9s fonamental per con\u00e8ixer les normes transit\u00f2ries en mat\u00e8ria de pensions i altres prestacions relacionades amb els pagaments per part de les empreses en els seus plans de rendes o prejubilacions. L&#8217;any 2024, la revaloraci\u00f3 de les pensions del 3,80%, la cotitzaci\u00f3 corresponent al Mecanisme d&#8217;Equitat Intergeneracional del 0,70%, les bases m\u00e0ximes de cotitzaci\u00f3 de la Seguretat Social del 5%, per\u00f2 no esmenta cap revaloraci\u00f3 per al Indicador P\u00fablic de Renda d&#8217;Efectes M\u00faltiples (IPREM). Indicador determinant per a diferents prestacions i ajuts p\u00fablics, i \u00e9s decisiu per saber les prestacions per desocupaci\u00f3.<\/p><p>En aquesta era de la digitalitzaci\u00f3 i la informaci\u00f3 abundant hi ha un risc encara m\u00e9s gran de desinformaci\u00f3. Veure poques coses t\u00e9 l&#8217;inconvenient de no trobar all\u00f2 que s&#8217;ha buscat. Per\u00f2 veure moltes coses no \u00e9s mai sin\u00f2nim de saber contestar all\u00f2 que es pregunta. Continuar\u00e0 sent necessari interpretar correctament les dades i la norma per assolir sabers professionals consistents i fiables. Es ratifica una vegada m\u00e9s que el coneixement \u00e9s qui determina la veritat i no pas al rev\u00e9s. En aquest cas \u00e9s el Butllet\u00ed Oficial de l&#8217;Estat qui en determina la legalitat i no el contrari.<\/p><p class=\"has-vivid-green-cyan-color has-text-color\">\u00a0Vull expressar-vos els meus millors desitjos per a tu, estimat lector, en aquest Any Nou. Que el 2024 et brindi salut, felicitat i \u00e8xit en cada pas que facis. Agrair-vos el vostre suport continu i esperem seguir compartint contingut valu\u00f3s amb tu en el proper any. Feli\u00e7 Any Nou!<\/p><p class=\"has-black-color has-text-color\"><strong>\ud83e\udd1e Recorda, la tranquil\u00b7litat i la seguretat no \u00e9s una destinaci\u00f3, \u00e9s un cam\u00ed.<\/strong><\/p><p><\/p>","protected":false},"excerpt":{"rendered":"<p>Pr\u00f2rroga dels pressupostos generals de l&#8217;Estat El Govern d&#8217;Espanya reconeix que la dissoluci\u00f3 del Congr\u00e9s dels Diputats i la convocat\u00f2ria d&#8217;eleccions generals el 23 de juliol han estat el motiu que ha impedit aprovar en temps la Llei de Pressupostos Generals de l&#8217;Estat per a l&#8217;any 2024. En conseq\u00fc\u00e8ncia i<span class=\"excerpt-hellip\"> [\u2026]<\/span><\/p>\n","protected":false},"author":1,"featured_media":3122,"comment_status":"open","ping_status":"open","sticky":false,"template":"","format":"standard","meta":{"footnotes":""},"categories":[5],"tags":[],"class_list":["post-3121","post","type-post","status-publish","format-standard","has-post-thumbnail","hentry","category-uncategorized-ca"],"aioseo_notices":[],"_links":{"self":[{"href":"https:\/\/quibus.es\/ca\/wp-json\/wp\/v2\/posts\/3121","targetHints":{"allow":["GET"]}}],"collection":[{"href":"https:\/\/quibus.es\/ca\/wp-json\/wp\/v2\/posts"}],"about":[{"href":"https:\/\/quibus.es\/ca\/wp-json\/wp\/v2\/types\/post"}],"author":[{"embeddable":true,"href":"https:\/\/quibus.es\/ca\/wp-json\/wp\/v2\/users\/1"}],"replies":[{"embeddable":true,"href":"https:\/\/quibus.es\/ca\/wp-json\/wp\/v2\/comments?post=3121"}],"version-history":[{"count":1,"href":"https:\/\/quibus.es\/ca\/wp-json\/wp\/v2\/posts\/3121\/revisions"}],"predecessor-version":[{"id":3125,"href":"https:\/\/quibus.es\/ca\/wp-json\/wp\/v2\/posts\/3121\/revisions\/3125"}],"wp:featuredmedia":[{"embeddable":true,"href":"https:\/\/quibus.es\/ca\/wp-json\/wp\/v2\/media\/3122"}],"wp:attachment":[{"href":"https:\/\/quibus.es\/ca\/wp-json\/wp\/v2\/media?parent=3121"}],"wp:term":[{"taxonomy":"category","embeddable":true,"href":"https:\/\/quibus.es\/ca\/wp-json\/wp\/v2\/categories?post=3121"},{"taxonomy":"post_tag","embeddable":true,"href":"https:\/\/quibus.es\/ca\/wp-json\/wp\/v2\/tags?post=3121"}],"curies":[{"name":"wp","href":"https:\/\/api.w.org\/{rel}","templated":true}]}}